{"id":2334,"date":"2022-11-18T21:58:12","date_gmt":"2022-11-18T20:58:12","guid":{"rendered":"http:\/\/nmo.matf.bg.ac.rs\/?p=2334"},"modified":"2023-09-08T01:04:13","modified_gmt":"2023-09-08T00:04:13","slug":"sajam-obrazovanja-2022-2","status":"publish","type":"post","link":"https:\/\/nmo.matf.bg.ac.rs\/en\/sajam-obrazovanja-2022-2\/","title":{"rendered":"Education Fair 2022."},"content":{"rendered":"<p>In the period from October 24 to 30, the Faculty of Mathematics participated in the 51st Education and Teaching Materials Fair within the framework of the traditional October Book Fair at the Belgrade Fair. Members of the Department of NMO: Jelena Tasi\u0107, Kristina Kosti\u0107, Du\u0161an Milosavljevi\u0107 and Aleksandar Jovi\u0107, presented the Applied Mathematics module, talked to interested high school students about the importance of Applied Mathematics, introduced them to the wide range of employment opportunities after completing this module, and advised them on how to prepare for the entrance exam.<\/p>\n\n\n\n<figure class=\"wp-block-image size-full is-resized\"><img loading=\"lazy\" decoding=\"async\" src=\"http:\/\/nmo.matf.bg.ac.rs\/wp-content\/uploads\/2022\/11\/Sajam-1.jpg\" alt=\"\" class=\"wp-image-2128\" width=\"662\" height=\"496\" srcset=\"https:\/\/nmo.matf.bg.ac.rs\/wp-content\/uploads\/2022\/11\/Sajam-1.jpg 1000w, https:\/\/nmo.matf.bg.ac.rs\/wp-content\/uploads\/2022\/11\/Sajam-1-300x225.jpg 300w, https:\/\/nmo.matf.bg.ac.rs\/wp-content\/uploads\/2022\/11\/Sajam-1-768x576.jpg 768w\" sizes=\"auto, (max-width: 662px) 100vw, 662px\" \/><\/figure>\n\n\n\n<p><\/p>\n\n\n\n<figure class=\"wp-block-image size-full is-resized\"><img loading=\"lazy\" decoding=\"async\" src=\"http:\/\/nmo.matf.bg.ac.rs\/wp-content\/uploads\/2022\/11\/Sajam-2.jpg\" alt=\"\" class=\"wp-image-2129\" width=\"662\" height=\"496\" srcset=\"https:\/\/nmo.matf.bg.ac.rs\/wp-content\/uploads\/2022\/11\/Sajam-2.jpg 1000w, https:\/\/nmo.matf.bg.ac.rs\/wp-content\/uploads\/2022\/11\/Sajam-2-300x225.jpg 300w, https:\/\/nmo.matf.bg.ac.rs\/wp-content\/uploads\/2022\/11\/Sajam-2-768x576.jpg 768w\" sizes=\"auto, (max-width: 662px) 100vw, 662px\" \/><\/figure>","protected":false},"excerpt":{"rendered":"<p>U periodu od 24. do 30. oktobra Matemati\u010dki fakultet je u\u010destvovao na 51. Sajmu obrazovanja i nastavnih sredstava tokom tradicionalnog oktobraskog Sajma knjiga na Beogradskom sajmu. \u010clanovi Katedre za NMO: Jelena Tasi\u0107, Kristina Kosti\u0107, Du\u0161an Milosavljevi\u0107 i Aleksandar Jovi\u0107, predstavili su modul Primenjena matematika,&#8230;<\/p>","protected":false},"author":3,"featured_media":0,"comment_status":"closed","ping_status":"open","sticky":false,"template":"","format":"standard","meta":{"_jetpack_memberships_contains_paid_content":false,"footnotes":""},"categories":[57],"tags":[],"class_list":["post-2334","post","type-post","status-publish","format-standard","hentry","category-promocije-modula","no-featured-image"],"jetpack_featured_media_url":"","jetpack_sharing_enabled":true,"_links":{"self":[{"href":"https:\/\/nmo.matf.bg.ac.rs\/en\/wp-json\/wp\/v2\/posts\/2334","targetHints":{"allow":["GET"]}}],"collection":[{"href":"https:\/\/nmo.matf.bg.ac.rs\/en\/wp-json\/wp\/v2\/posts"}],"about":[{"href":"https:\/\/nmo.matf.bg.ac.rs\/en\/wp-json\/wp\/v2\/types\/post"}],"author":[{"embeddable":true,"href":"https:\/\/nmo.matf.bg.ac.rs\/en\/wp-json\/wp\/v2\/users\/3"}],"replies":[{"embeddable":true,"href":"https:\/\/nmo.matf.bg.ac.rs\/en\/wp-json\/wp\/v2\/comments?post=2334"}],"version-history":[{"count":5,"href":"https:\/\/nmo.matf.bg.ac.rs\/en\/wp-json\/wp\/v2\/posts\/2334\/revisions"}],"predecessor-version":[{"id":2666,"href":"https:\/\/nmo.matf.bg.ac.rs\/en\/wp-json\/wp\/v2\/posts\/2334\/revisions\/2666"}],"wp:attachment":[{"href":"https:\/\/nmo.matf.bg.ac.rs\/en\/wp-json\/wp\/v2\/media?parent=2334"}],"wp:term":[{"taxonomy":"category","embeddable":true,"href":"https:\/\/nmo.matf.bg.ac.rs\/en\/wp-json\/wp\/v2\/categories?post=2334"},{"taxonomy":"post_tag","embeddable":true,"href":"https:\/\/nmo.matf.bg.ac.rs\/en\/wp-json\/wp\/v2\/tags?post=2334"}],"curies":[{"name":"wp","href":"https:\/\/api.w.org\/{rel}","templated":true}]}}